{"id":11193,"date":"2025-05-13T00:00:00","date_gmt":"2025-05-12T22:00:00","guid":{"rendered":"https:\/\/thibaut.thomasmichonneau.com\/innenarchitektur-und-keramikplatten-was-tun-mit-dem-glasfasergewebe\/"},"modified":"2026-01-27T19:20:03","modified_gmt":"2026-01-27T18:20:03","slug":"innenarchitektur-und-keramikplatten-was-tun-mit-dem-glasfasergewebe","status":"publish","type":"post","link":"https:\/\/www.thibaut.fr\/de\/innenarchitektur-und-keramikplatten-was-tun-mit-dem-glasfasergewebe\/","title":{"rendered":"Innenarchitektur und Keramikplatten: Was tun mit dem Glasfasergewebe?"},"content":{"rendered":"\n<p>Im gehobenen Bereich der Innenarchitektur ist Keramik zu einem unverzichtbaren Werkstoff geworden. Sie ist widerstandsf\u00e4hig, \u00e4sthetisch, d\u00fcnn und pflegeleicht \u2013 ideal f\u00fcr Arbeitsplatten, M\u00f6bel, Wandverkleidungen oder ma\u00dfgefertigte Anwendungen.<\/p>\n\n\n\n<p>Viele Keramikplatten (z.\u202fB. Laminam, Dekton, Neolith&#8230;) sind auf der Unterseite mit einem Glasfasergewebe verst\u00e4rkt. Dieses technische Netz, das nach der Montage meist unsichtbar ist, spielt eine entscheidende Rolle beim Handling und bei der Bearbeitung der Platte.<\/p>\n\n\n\n<p>Doch bei bestimmten Dekorations- oder Umformungsarbeiten wird das Gewebe zu einem technischen Hindernis. Was ist in diesem Fall zu tun? Hier ist unsere Antwort.<\/p>\n\n\n\n<hr class=\"wp-block-separator has-alpha-channel-opacity\"\/>\n\n\n\n<h3 class=\"wp-block-heading\">Wozu dient das Glasfasergewebe?<\/h3>\n\n\n\n<p>LaDas Glasfasergewebe wird werkseitig auf die R\u00fcckseite der Keramikplatte geklebt, um:<\/p>\n\n\n\n<ul class=\"wp-block-list\">\n<li>die Stabilit\u00e4t der Platte beim Schneiden, Transport und Bearbeiten zu erh\u00f6hen,<\/li>\n\n\n\n<li>Vibrationen beim Bohren oder Schneiden zu d\u00e4mpfen,<\/li>\n\n\n\n<li>das Risiko von Rissen oder Bruch \u2013 insbesondere bei gro\u00dfen Formaten oder d\u00fcnner Keramik \u2013 zu verringern.<\/li>\n<\/ul>\n\n\n\n<p>Solange es gut haftet und nicht st\u00f6rt, kann das Gewebe problemlos belassen werden.<\/p>\n\n\n\n<figure class=\"wp-block-image\"><img decoding=\"async\" src=\"https:\/\/www.thibaut.fr\/wp-content\/uploads\/2025\/05\/glasvezelnet-1m2-962546.jpg\" alt=\"\" class=\"wp-image-24481\"\/><\/figure>\n\n\n\n<hr class=\"wp-block-separator has-alpha-channel-opacity\"\/>\n\n\n\n<h3 class=\"wp-block-heading\">Wann sollte es entfernt werden?<\/h3>\n\n\n\n<p>Bestimmte dekorative Anwendungen erfordern eine teilweise oder vollst\u00e4ndige Entfernung des Gewebes:<\/p>\n\n\n\n<ul class=\"wp-block-list\">\n<li><strong>Verkleidungen mit sichtbarer Verklebung:<\/strong> Das Gewebe kann die Haftung des Klebers oder eine pr\u00e4zise Positionierung behindern,<\/li>\n\n\n\n<li><strong>Strukturierung oder Politur der Unterseite:<\/strong> F\u00fcr sichtbare Oberfl\u00e4cheneffekte oder Kantenbearbeitungen,<\/li>\n\n\n\n<li><strong>Komplexe Verbindungen oder Eins\u00e4tze:<\/strong> die eine absolut saubere Oberfl\u00e4che erfordern, um dauerhaft zu halten.<\/li>\n<\/ul>\n\n\n\n<p>In diesen F\u00e4llen muss das Gewebe entfernt werden \u2013 ohne die Keramik zu besch\u00e4digen oder den Bediener unn\u00f6tig zu belasten.<\/p>\n\n\n\n<figure class=\"wp-block-image\"><img decoding=\"async\" src=\"https:\/\/www.thibaut.fr\/wp-content\/uploads\/2025\/05\/EI2_7494-1-1024x684.jpg\" alt=\"\" class=\"wp-image-24480\"\/><\/figure>\n\n\n\n<hr class=\"wp-block-separator has-alpha-channel-opacity\"\/>\n\n\n\n<h3 class=\"wp-block-heading\">Der Thibaut T512: die L\u00f6sung f\u00fcr eine automatisierte und m\u00fchelose Entfernung<\/h3>\n\n\n\n<p>Das neue Polier- und Strukturierzentrum <a href=\"https:\/\/www.thibaut.fr\/de\/polier-und-strukturierzentrum-t512\/\" data-type=\"post\" data-id=\"23406\">T512 von Thibaut<\/a> wurde speziell f\u00fcr diesen Anwendungsfall entwickelt. Dank seines oszillierenden Schleifkopfes und vollst\u00e4ndig programmierbarer Parameter erm\u00f6glicht es:<\/p>\n\n\n\n<ul class=\"wp-block-list\">\n<li>eine automatische, saubere und schnelle Entfernung des Glasfasergewebes,<\/li>\n\n\n\n<li>k\u00f6rperlich m\u00fcheloses und staubfreies Arbeiten dank integriertem Absaugsystem,<\/li>\n\n\n\n<li>die optimale Vorbereitung der Keramikplatte f\u00fcr Verklebung, Veredelung oder Dekoration \u2013 je nach Projektanforderung.<\/li>\n<\/ul>\n\n\n\n<p>  <strong>Das Ergebnis:<\/strong> Zeitersparnis, konstante Qualit\u00e4t und erh\u00f6hte Sicherheit \u2013 unabh\u00e4ngig von Keramiktyp und Form der Platte.<\/p>\n\n\n\n<figure class=\"wp-block-image\"><a href=\"https:\/\/www.thibaut.fr\/fr\/centre-de-polissage-et-texturage-t512\/\"><img decoding=\"async\" src=\"https:\/\/www.thibaut.fr\/wp-content\/uploads\/2024\/09\/EI2_7305-1024x684.jpeg\" alt=\"\" class=\"wp-image-24467\"\/><\/a><\/figure>\n\n\n\n<hr class=\"wp-block-separator has-alpha-channel-opacity\"\/>\n\n\n\n<h3 class=\"wp-block-heading\">Die ideale L\u00f6sung f\u00fcr Innenausbauer, Designer und Hersteller<\/h3>\n\n\n\n<p><a href=\"https:\/\/www.thibaut.fr\/de\/polier-und-strukturierzentrum-t512\/\" data-type=\"post\" data-id=\"23406\">Mit dem T512<\/a> holen Sie das Beste aus Ihren Materialien und Designs heraus \u2013 und steigern gleichzeitig Ihre Produktivit\u00e4t. Die Maschine eignet sich sowohl f\u00fcr handwerkliche Werkst\u00e4tten als auch f\u00fcr industrielle Betriebe, die ihre Endbearbeitungsprozesse automatisieren m\u00f6chten.<\/p>\n\n\n\n<p>Sie haben ein Projekt oder m\u00f6chten den T512 mit Ihren eigenen Werkst\u00fccken testen?<br><strong>Kontaktieren Sie uns.<\/strong><\/p>\n\n\n\n<p><\/p>\n ","protected":false},"excerpt":{"rendered":"<p>Im gehobenen Bereich der Innenarchitektur ist Keramik zu einem unverzichtbaren Werkstoff geworden. Sie ist widerstandsf\u00e4hig, \u00e4sthetisch, d\u00fcnn und pflegeleicht \u2013 ideal f\u00fcr Arbeitsplatten, M\u00f6bel, Wandverkleidungen oder ma\u00dfgefertigte Anwendungen. Viele Keramikplatten (z.\u202fB. Laminam, Dekton, Neolith&#8230;) sind auf der Unterseite mit einem Glasfasergewebe verst\u00e4rkt. Dieses technische Netz, das nach der Montage meist unsichtbar ist, spielt eine entscheidende [&hellip;]<\/p>\n","protected":false},"author":2,"featured_media":10540,"comment_status":"closed","ping_status":"open","sticky":false,"template":"","format":"standard","meta":{"_acf_changed":false,"footnotes":""},"categories":[1],"tags":[],"class_list":["post-11193","post","type-post","status-publish","format-standard","has-post-thumbnail","hentry","category-non-categorise"],"acf":[],"yoast_head":"<!-- This site is optimized with the Yoast SEO Premium plugin v27.5 (Yoast SEO v27.5) - https:\/\/yoast.com\/product\/yoast-seo-premium-wordpress\/ -->\n<title>Innenarchitektur und Keramikplatten: Was tun mit dem Glasfasergewebe? | Groupe Thibaut<\/title>\n<meta name=\"description\" content=\"Im gehobenen Bereich der Innenarchitektur ist Keramik zu einem unverzichtbaren Werkstoff geworden. Sie ist widerstandsf\u00e4hig, \u00e4sthetisch, d\u00fcnn und\" \/>\n<meta name=\"robots\" content=\"index, follow, max-snippet:-1, max-image-preview:large, max-video-preview:-1\" \/>\n<link rel=\"canonical\" href=\"https:\/\/www.thibaut.fr\/de\/innenarchitektur-und-keramikplatten-was-tun-mit-dem-glasfasergewebe\/\" \/>\n<meta property=\"og:locale\" content=\"de_DE\" \/>\n<meta property=\"og:type\" content=\"article\" \/>\n<meta property=\"og:title\" content=\"Innenarchitektur und Keramikplatten: Was tun mit dem Glasfasergewebe?\" \/>\n<meta property=\"og:description\" content=\"Im gehobenen Bereich der Innenarchitektur ist Keramik zu einem unverzichtbaren Werkstoff geworden. Sie ist widerstandsf\u00e4hig, \u00e4sthetisch, d\u00fcnn und\" \/>\n<meta property=\"og:url\" content=\"https:\/\/www.thibaut.fr\/de\/innenarchitektur-und-keramikplatten-was-tun-mit-dem-glasfasergewebe\/\" \/>\n<meta property=\"og:site_name\" content=\"Groupe Thibaut\" \/>\n<meta property=\"article:publisher\" content=\"https:\/\/www.facebook.com\/thibautgroupe\" \/>\n<meta property=\"article:published_time\" content=\"2025-05-12T22:00:00+00:00\" \/>\n<meta property=\"article:modified_time\" content=\"2026-01-27T18:20:03+00:00\" \/>\n<meta property=\"og:image\" content=\"https:\/\/www.thibaut.fr\/wp-content\/uploads\/2025\/05\/EI2_7494-scaled.jpg\" \/>\n\t<meta property=\"og:image:width\" content=\"2560\" \/>\n\t<meta property=\"og:image:height\" content=\"1711\" \/>\n\t<meta property=\"og:image:type\" content=\"image\/jpeg\" \/>\n<meta name=\"author\" content=\"Baptiste Lebouteiller\" \/>\n<meta name=\"twitter:card\" content=\"summary_large_image\" \/>\n<meta name=\"twitter:label1\" content=\"Verfasst von\" \/>\n\t<meta name=\"twitter:data1\" content=\"Baptiste Lebouteiller\" \/>\n\t<meta name=\"twitter:label2\" content=\"Gesch\u00e4tzte Lesezeit\" \/>\n\t<meta name=\"twitter:data2\" content=\"2\u00a0Minuten\" \/>\n<script type=\"application\/ld+json\" class=\"yoast-schema-graph\">{\"@context\":\"https:\\\/\\\/schema.org\",\"@graph\":[{\"@type\":\"Article\",\"@id\":\"https:\\\/\\\/www.thibaut.fr\\\/de\\\/innenarchitektur-und-keramikplatten-was-tun-mit-dem-glasfasergewebe\\\/#article\",\"isPartOf\":{\"@id\":\"https:\\\/\\\/www.thibaut.fr\\\/de\\\/innenarchitektur-und-keramikplatten-was-tun-mit-dem-glasfasergewebe\\\/\"},\"author\":{\"name\":\"Baptiste Lebouteiller\",\"@id\":\"https:\\\/\\\/www.thibaut.fr\\\/de\\\/#\\\/schema\\\/person\\\/22eccdb35a451952e1179ce7830490b0\"},\"headline\":\"Innenarchitektur und Keramikplatten: Was tun mit dem Glasfasergewebe?\",\"datePublished\":\"2025-05-12T22:00:00+00:00\",\"dateModified\":\"2026-01-27T18:20:03+00:00\",\"mainEntityOfPage\":{\"@id\":\"https:\\\/\\\/www.thibaut.fr\\\/de\\\/innenarchitektur-und-keramikplatten-was-tun-mit-dem-glasfasergewebe\\\/\"},\"wordCount\":414,\"publisher\":{\"@id\":\"https:\\\/\\\/www.thibaut.fr\\\/de\\\/#organization\"},\"image\":{\"@id\":\"https:\\\/\\\/www.thibaut.fr\\\/de\\\/innenarchitektur-und-keramikplatten-was-tun-mit-dem-glasfasergewebe\\\/#primaryimage\"},\"thumbnailUrl\":\"https:\\\/\\\/www.thibaut.fr\\\/wp-content\\\/uploads\\\/2025\\\/05\\\/EI2_7494-scaled.jpg\",\"articleSection\":[\"Non cat\u00e9goris\u00e9\"],\"inLanguage\":\"de\"},{\"@type\":\"WebPage\",\"@id\":\"https:\\\/\\\/www.thibaut.fr\\\/de\\\/innenarchitektur-und-keramikplatten-was-tun-mit-dem-glasfasergewebe\\\/\",\"url\":\"https:\\\/\\\/www.thibaut.fr\\\/de\\\/innenarchitektur-und-keramikplatten-was-tun-mit-dem-glasfasergewebe\\\/\",\"name\":\"Innenarchitektur und Keramikplatten: Was tun mit dem Glasfasergewebe? | Groupe Thibaut\",\"isPartOf\":{\"@id\":\"https:\\\/\\\/www.thibaut.fr\\\/de\\\/#website\"},\"primaryImageOfPage\":{\"@id\":\"https:\\\/\\\/www.thibaut.fr\\\/de\\\/innenarchitektur-und-keramikplatten-was-tun-mit-dem-glasfasergewebe\\\/#primaryimage\"},\"image\":{\"@id\":\"https:\\\/\\\/www.thibaut.fr\\\/de\\\/innenarchitektur-und-keramikplatten-was-tun-mit-dem-glasfasergewebe\\\/#primaryimage\"},\"thumbnailUrl\":\"https:\\\/\\\/www.thibaut.fr\\\/wp-content\\\/uploads\\\/2025\\\/05\\\/EI2_7494-scaled.jpg\",\"datePublished\":\"2025-05-12T22:00:00+00:00\",\"dateModified\":\"2026-01-27T18:20:03+00:00\",\"description\":\"Im gehobenen Bereich der Innenarchitektur ist Keramik zu einem unverzichtbaren Werkstoff geworden. Sie ist widerstandsf\u00e4hig, \u00e4sthetisch, d\u00fcnn und\",\"breadcrumb\":{\"@id\":\"https:\\\/\\\/www.thibaut.fr\\\/de\\\/innenarchitektur-und-keramikplatten-was-tun-mit-dem-glasfasergewebe\\\/#breadcrumb\"},\"inLanguage\":\"de\",\"potentialAction\":[{\"@type\":\"ReadAction\",\"target\":[\"https:\\\/\\\/www.thibaut.fr\\\/de\\\/innenarchitektur-und-keramikplatten-was-tun-mit-dem-glasfasergewebe\\\/\"]}]},{\"@type\":\"ImageObject\",\"inLanguage\":\"de\",\"@id\":\"https:\\\/\\\/www.thibaut.fr\\\/de\\\/innenarchitektur-und-keramikplatten-was-tun-mit-dem-glasfasergewebe\\\/#primaryimage\",\"url\":\"https:\\\/\\\/www.thibaut.fr\\\/wp-content\\\/uploads\\\/2025\\\/05\\\/EI2_7494-scaled.jpg\",\"contentUrl\":\"https:\\\/\\\/www.thibaut.fr\\\/wp-content\\\/uploads\\\/2025\\\/05\\\/EI2_7494-scaled.jpg\",\"width\":2560,\"height\":1711},{\"@type\":\"BreadcrumbList\",\"@id\":\"https:\\\/\\\/www.thibaut.fr\\\/de\\\/innenarchitektur-und-keramikplatten-was-tun-mit-dem-glasfasergewebe\\\/#breadcrumb\",\"itemListElement\":[{\"@type\":\"ListItem\",\"position\":1,\"name\":\"Accueil\",\"item\":\"https:\\\/\\\/www.thibaut.fr\\\/de\\\/\"},{\"@type\":\"ListItem\",\"position\":2,\"name\":\"Nicht kategorisiert\",\"item\":\"https:\\\/\\\/www.thibaut.fr\\\/de\\\/category\\\/nicht-kategorisiert\\\/\"},{\"@type\":\"ListItem\",\"position\":3,\"name\":\"Innenarchitektur und Keramikplatten: Was tun mit dem Glasfasergewebe?\"}]},{\"@type\":\"WebSite\",\"@id\":\"https:\\\/\\\/www.thibaut.fr\\\/de\\\/#website\",\"url\":\"https:\\\/\\\/www.thibaut.fr\\\/de\\\/\",\"name\":\"Groupe Thibaut\",\"description\":\"L&#039;excellence au service de la pierre depuis 1959\",\"publisher\":{\"@id\":\"https:\\\/\\\/www.thibaut.fr\\\/de\\\/#organization\"},\"alternateName\":\"Thibaut\",\"potentialAction\":[{\"@type\":\"SearchAction\",\"target\":{\"@type\":\"EntryPoint\",\"urlTemplate\":\"https:\\\/\\\/www.thibaut.fr\\\/de\\\/?s={search_term_string}\"},\"query-input\":{\"@type\":\"PropertyValueSpecification\",\"valueRequired\":true,\"valueName\":\"search_term_string\"}}],\"inLanguage\":\"de\"},{\"@type\":\"Organization\",\"@id\":\"https:\\\/\\\/www.thibaut.fr\\\/de\\\/#organization\",\"name\":\"Groupe Thibaut\",\"alternateName\":\"Thibaut\",\"url\":\"https:\\\/\\\/www.thibaut.fr\\\/de\\\/\",\"logo\":{\"@type\":\"ImageObject\",\"inLanguage\":\"de\",\"@id\":\"https:\\\/\\\/www.thibaut.fr\\\/de\\\/#\\\/schema\\\/logo\\\/image\\\/\",\"url\":\"https:\\\/\\\/www.thibaut.fr\\\/wp-content\\\/uploads\\\/2025\\\/12\\\/Logo-THIBAUT-CMJN.jpg\",\"contentUrl\":\"https:\\\/\\\/www.thibaut.fr\\\/wp-content\\\/uploads\\\/2025\\\/12\\\/Logo-THIBAUT-CMJN.jpg\",\"width\":1181,\"height\":286,\"caption\":\"Groupe Thibaut\"},\"image\":{\"@id\":\"https:\\\/\\\/www.thibaut.fr\\\/de\\\/#\\\/schema\\\/logo\\\/image\\\/\"},\"sameAs\":[\"https:\\\/\\\/www.facebook.com\\\/thibautgroupe\",\"https:\\\/\\\/www.instagram.com\\\/thibautgroupe\\\/\",\"https:\\\/\\\/www.youtube.com\\\/channel\\\/UC4yln9Xigw8FvApMJU5c_HA\",\"https:\\\/\\\/www.linkedin.com\\\/company\\\/thibaut-sa\\\/\"],\"description\":\"Manufacturing company\",\"email\":\"marketing@thibaut.fr\",\"telephone\":\"+33(0)2 31 66 68 00\",\"legalName\":\"Thibaut\",\"foundingDate\":\"1959-01-01\",\"vatID\":\"FR00377782792\",\"taxID\":\"37778279200016\",\"numberOfEmployees\":{\"@type\":\"QuantitativeValue\",\"minValue\":\"51\",\"maxValue\":\"200\"}},{\"@type\":\"Person\",\"@id\":\"https:\\\/\\\/www.thibaut.fr\\\/de\\\/#\\\/schema\\\/person\\\/22eccdb35a451952e1179ce7830490b0\",\"name\":\"Baptiste Lebouteiller\",\"image\":{\"@type\":\"ImageObject\",\"inLanguage\":\"de\",\"@id\":\"https:\\\/\\\/secure.gravatar.com\\\/avatar\\\/2380c3a844665d56c0ce1c298750b9ea4ca24e7e86165614b1e0640de9e4bd6e?s=96&d=mm&r=g\",\"url\":\"https:\\\/\\\/secure.gravatar.com\\\/avatar\\\/2380c3a844665d56c0ce1c298750b9ea4ca24e7e86165614b1e0640de9e4bd6e?s=96&d=mm&r=g\",\"contentUrl\":\"https:\\\/\\\/secure.gravatar.com\\\/avatar\\\/2380c3a844665d56c0ce1c298750b9ea4ca24e7e86165614b1e0640de9e4bd6e?s=96&d=mm&r=g\",\"caption\":\"Baptiste Lebouteiller\"},\"sameAs\":[\"http:\\\/\\\/thibaut.fr\"]}]}<\/script>\n<!-- \/ Yoast SEO Premium plugin. -->","yoast_head_json":{"title":"Innenarchitektur und Keramikplatten: Was tun mit dem Glasfasergewebe? | Groupe Thibaut","description":"Im gehobenen Bereich der Innenarchitektur ist Keramik zu einem unverzichtbaren Werkstoff geworden. Sie ist widerstandsf\u00e4hig, \u00e4sthetisch, d\u00fcnn und","robots":{"index":"index","follow":"follow","max-snippet":"max-snippet:-1","max-image-preview":"max-image-preview:large","max-video-preview":"max-video-preview:-1"},"canonical":"https:\/\/www.thibaut.fr\/de\/innenarchitektur-und-keramikplatten-was-tun-mit-dem-glasfasergewebe\/","og_locale":"de_DE","og_type":"article","og_title":"Innenarchitektur und Keramikplatten: Was tun mit dem Glasfasergewebe?","og_description":"Im gehobenen Bereich der Innenarchitektur ist Keramik zu einem unverzichtbaren Werkstoff geworden. Sie ist widerstandsf\u00e4hig, \u00e4sthetisch, d\u00fcnn und","og_url":"https:\/\/www.thibaut.fr\/de\/innenarchitektur-und-keramikplatten-was-tun-mit-dem-glasfasergewebe\/","og_site_name":"Groupe Thibaut","article_publisher":"https:\/\/www.facebook.com\/thibautgroupe","article_published_time":"2025-05-12T22:00:00+00:00","article_modified_time":"2026-01-27T18:20:03+00:00","og_image":[{"width":2560,"height":1711,"url":"https:\/\/www.thibaut.fr\/wp-content\/uploads\/2025\/05\/EI2_7494-scaled.jpg","type":"image\/jpeg"}],"author":"Baptiste Lebouteiller","twitter_card":"summary_large_image","twitter_misc":{"Verfasst von":"Baptiste Lebouteiller","Gesch\u00e4tzte Lesezeit":"2\u00a0Minuten"},"schema":{"@context":"https:\/\/schema.org","@graph":[{"@type":"Article","@id":"https:\/\/www.thibaut.fr\/de\/innenarchitektur-und-keramikplatten-was-tun-mit-dem-glasfasergewebe\/#article","isPartOf":{"@id":"https:\/\/www.thibaut.fr\/de\/innenarchitektur-und-keramikplatten-was-tun-mit-dem-glasfasergewebe\/"},"author":{"name":"Baptiste Lebouteiller","@id":"https:\/\/www.thibaut.fr\/de\/#\/schema\/person\/22eccdb35a451952e1179ce7830490b0"},"headline":"Innenarchitektur und Keramikplatten: Was tun mit dem Glasfasergewebe?","datePublished":"2025-05-12T22:00:00+00:00","dateModified":"2026-01-27T18:20:03+00:00","mainEntityOfPage":{"@id":"https:\/\/www.thibaut.fr\/de\/innenarchitektur-und-keramikplatten-was-tun-mit-dem-glasfasergewebe\/"},"wordCount":414,"publisher":{"@id":"https:\/\/www.thibaut.fr\/de\/#organization"},"image":{"@id":"https:\/\/www.thibaut.fr\/de\/innenarchitektur-und-keramikplatten-was-tun-mit-dem-glasfasergewebe\/#primaryimage"},"thumbnailUrl":"https:\/\/www.thibaut.fr\/wp-content\/uploads\/2025\/05\/EI2_7494-scaled.jpg","articleSection":["Non cat\u00e9goris\u00e9"],"inLanguage":"de"},{"@type":"WebPage","@id":"https:\/\/www.thibaut.fr\/de\/innenarchitektur-und-keramikplatten-was-tun-mit-dem-glasfasergewebe\/","url":"https:\/\/www.thibaut.fr\/de\/innenarchitektur-und-keramikplatten-was-tun-mit-dem-glasfasergewebe\/","name":"Innenarchitektur und Keramikplatten: Was tun mit dem Glasfasergewebe? | Groupe Thibaut","isPartOf":{"@id":"https:\/\/www.thibaut.fr\/de\/#website"},"primaryImageOfPage":{"@id":"https:\/\/www.thibaut.fr\/de\/innenarchitektur-und-keramikplatten-was-tun-mit-dem-glasfasergewebe\/#primaryimage"},"image":{"@id":"https:\/\/www.thibaut.fr\/de\/innenarchitektur-und-keramikplatten-was-tun-mit-dem-glasfasergewebe\/#primaryimage"},"thumbnailUrl":"https:\/\/www.thibaut.fr\/wp-content\/uploads\/2025\/05\/EI2_7494-scaled.jpg","datePublished":"2025-05-12T22:00:00+00:00","dateModified":"2026-01-27T18:20:03+00:00","description":"Im gehobenen Bereich der Innenarchitektur ist Keramik zu einem unverzichtbaren Werkstoff geworden. Sie ist widerstandsf\u00e4hig, \u00e4sthetisch, d\u00fcnn und","breadcrumb":{"@id":"https:\/\/www.thibaut.fr\/de\/innenarchitektur-und-keramikplatten-was-tun-mit-dem-glasfasergewebe\/#breadcrumb"},"inLanguage":"de","potentialAction":[{"@type":"ReadAction","target":["https:\/\/www.thibaut.fr\/de\/innenarchitektur-und-keramikplatten-was-tun-mit-dem-glasfasergewebe\/"]}]},{"@type":"ImageObject","inLanguage":"de","@id":"https:\/\/www.thibaut.fr\/de\/innenarchitektur-und-keramikplatten-was-tun-mit-dem-glasfasergewebe\/#primaryimage","url":"https:\/\/www.thibaut.fr\/wp-content\/uploads\/2025\/05\/EI2_7494-scaled.jpg","contentUrl":"https:\/\/www.thibaut.fr\/wp-content\/uploads\/2025\/05\/EI2_7494-scaled.jpg","width":2560,"height":1711},{"@type":"BreadcrumbList","@id":"https:\/\/www.thibaut.fr\/de\/innenarchitektur-und-keramikplatten-was-tun-mit-dem-glasfasergewebe\/#breadcrumb","itemListElement":[{"@type":"ListItem","position":1,"name":"Accueil","item":"https:\/\/www.thibaut.fr\/de\/"},{"@type":"ListItem","position":2,"name":"Nicht kategorisiert","item":"https:\/\/www.thibaut.fr\/de\/category\/nicht-kategorisiert\/"},{"@type":"ListItem","position":3,"name":"Innenarchitektur und Keramikplatten: Was tun mit dem Glasfasergewebe?"}]},{"@type":"WebSite","@id":"https:\/\/www.thibaut.fr\/de\/#website","url":"https:\/\/www.thibaut.fr\/de\/","name":"Groupe Thibaut","description":"L&#039;excellence au service de la pierre depuis 1959","publisher":{"@id":"https:\/\/www.thibaut.fr\/de\/#organization"},"alternateName":"Thibaut","potentialAction":[{"@type":"SearchAction","target":{"@type":"EntryPoint","urlTemplate":"https:\/\/www.thibaut.fr\/de\/?s={search_term_string}"},"query-input":{"@type":"PropertyValueSpecification","valueRequired":true,"valueName":"search_term_string"}}],"inLanguage":"de"},{"@type":"Organization","@id":"https:\/\/www.thibaut.fr\/de\/#organization","name":"Groupe Thibaut","alternateName":"Thibaut","url":"https:\/\/www.thibaut.fr\/de\/","logo":{"@type":"ImageObject","inLanguage":"de","@id":"https:\/\/www.thibaut.fr\/de\/#\/schema\/logo\/image\/","url":"https:\/\/www.thibaut.fr\/wp-content\/uploads\/2025\/12\/Logo-THIBAUT-CMJN.jpg","contentUrl":"https:\/\/www.thibaut.fr\/wp-content\/uploads\/2025\/12\/Logo-THIBAUT-CMJN.jpg","width":1181,"height":286,"caption":"Groupe Thibaut"},"image":{"@id":"https:\/\/www.thibaut.fr\/de\/#\/schema\/logo\/image\/"},"sameAs":["https:\/\/www.facebook.com\/thibautgroupe","https:\/\/www.instagram.com\/thibautgroupe\/","https:\/\/www.youtube.com\/channel\/UC4yln9Xigw8FvApMJU5c_HA","https:\/\/www.linkedin.com\/company\/thibaut-sa\/"],"description":"Manufacturing company","email":"marketing@thibaut.fr","telephone":"+33(0)2 31 66 68 00","legalName":"Thibaut","foundingDate":"1959-01-01","vatID":"FR00377782792","taxID":"37778279200016","numberOfEmployees":{"@type":"QuantitativeValue","minValue":"51","maxValue":"200"}},{"@type":"Person","@id":"https:\/\/www.thibaut.fr\/de\/#\/schema\/person\/22eccdb35a451952e1179ce7830490b0","name":"Baptiste Lebouteiller","image":{"@type":"ImageObject","inLanguage":"de","@id":"https:\/\/secure.gravatar.com\/avatar\/2380c3a844665d56c0ce1c298750b9ea4ca24e7e86165614b1e0640de9e4bd6e?s=96&d=mm&r=g","url":"https:\/\/secure.gravatar.com\/avatar\/2380c3a844665d56c0ce1c298750b9ea4ca24e7e86165614b1e0640de9e4bd6e?s=96&d=mm&r=g","contentUrl":"https:\/\/secure.gravatar.com\/avatar\/2380c3a844665d56c0ce1c298750b9ea4ca24e7e86165614b1e0640de9e4bd6e?s=96&d=mm&r=g","caption":"Baptiste Lebouteiller"},"sameAs":["http:\/\/thibaut.fr"]}]}},"_links":{"self":[{"href":"https:\/\/www.thibaut.fr\/de\/wp-json\/wp\/v2\/posts\/11193","targetHints":{"allow":["GET"]}}],"collection":[{"href":"https:\/\/www.thibaut.fr\/de\/wp-json\/wp\/v2\/posts"}],"about":[{"href":"https:\/\/www.thibaut.fr\/de\/wp-json\/wp\/v2\/types\/post"}],"author":[{"embeddable":true,"href":"https:\/\/www.thibaut.fr\/de\/wp-json\/wp\/v2\/users\/2"}],"replies":[{"embeddable":true,"href":"https:\/\/www.thibaut.fr\/de\/wp-json\/wp\/v2\/comments?post=11193"}],"version-history":[{"count":0,"href":"https:\/\/www.thibaut.fr\/de\/wp-json\/wp\/v2\/posts\/11193\/revisions"}],"wp:featuredmedia":[{"embeddable":true,"href":"https:\/\/www.thibaut.fr\/de\/wp-json\/wp\/v2\/media\/10540"}],"wp:attachment":[{"href":"https:\/\/www.thibaut.fr\/de\/wp-json\/wp\/v2\/media?parent=11193"}],"wp:term":[{"taxonomy":"category","embeddable":true,"href":"https:\/\/www.thibaut.fr\/de\/wp-json\/wp\/v2\/categories?post=11193"},{"taxonomy":"post_tag","embeddable":true,"href":"https:\/\/www.thibaut.fr\/de\/wp-json\/wp\/v2\/tags?post=11193"}],"curies":[{"name":"wp","href":"https:\/\/api.w.org\/{rel}","templated":true}]}}