{"id":11167,"date":"2025-02-14T00:00:00","date_gmt":"2025-02-13T23:00:00","guid":{"rendered":"https:\/\/thibaut.thomasmichonneau.com\/besuchen-sie-die-thibaut-focus-days-6-7-marz-2025-in-vire\/"},"modified":"2026-01-27T19:20:07","modified_gmt":"2026-01-27T18:20:07","slug":"besuchen-sie-die-thibaut-focus-days-6-7-marz-2025-in-vire","status":"publish","type":"post","link":"https:\/\/www.thibaut.fr\/de\/besuchen-sie-die-thibaut-focus-days-6-7-marz-2025-in-vire\/","title":{"rendered":"Tag der offenen T\u00fcr \u2013 6. &amp; 7. M\u00e4rz 2025 in Vire!"},"content":{"rendered":"\n<p>  <strong>Am 6. und 7. M\u00e4rz 2025<\/strong> l\u00e4dt <strong>Thibaut<\/strong> Sie zu den <strong>Tag der offenen T\u00fcr<\/strong> in unserem Werk in <strong>Vire, Normandie<\/strong>, ein. Diese exklusive Veranstaltung bietet Ihnen die M\u00f6glichkeit, unsere CNC-Maschinen live zu erleben und sich mit Experten aus der Branche auszutauschen.<\/p>\n\n\n\n<h3 class=\"wp-block-heading\"><strong>Was erwartet Sie?<\/strong><\/h3>\n\n\n\n<p>  <strong>Live-Demonstrationen<\/strong> unserer neuesten Technologien:<br>\u2714 <strong>T512 Polierzentrum<\/strong> \u2013 Perfekte Oberfl\u00e4chenbearbeitung f\u00fcr Ihre Projekte<br>\u2714 <strong>TC425 Br\u00fcckens\u00e4ge<\/strong> \u2013 Pr\u00e4zise und vielseitige L\u00f6sungen f\u00fcr die Steinbearbeitung<br>\u2714 <strong>T812 V5 Bearbeitungszentrum<\/strong> \u2013 Hohe Automatisierung und Leistung f\u00fcr Ihre Anforderungen<\/p>\n\n\n\n<p>  <strong>Treffen Sie unsere Experten<\/strong>, stellen Sie Ihre technischen Fragen und erfahren Sie, wie unsere Maschinen Ihre Produktionsprozesse optimieren k\u00f6nnen.<\/p>\n\n\n\n<p>  <strong>Nehmen Sie an einer Werksbesichtigung teil<\/strong> und werfen Sie einen exklusiven Blick hinter die Kulissen unserer Fertigung.<\/p>\n\n\n\n<p>  <strong>Entdecken Sie innovative Wasseraufbereitungsl\u00f6sungen<\/strong> unseres Partners <strong>Dal Prete<\/strong>, um Ihre Steinbearbeitung effizienter und nachhaltiger zu gestalten.<\/p>\n\n\n\n<h3 class=\"wp-block-heading\"><strong>Warum sollten Sie teilnehmen?<\/strong><\/h3>\n\n\n\n<p>\u2714 <strong>Erleben Sie unsere Maschinen unter realen Bedingungen<\/strong><br>\u2714 <strong>Erhalten Sie individuelle Beratung von unseren Spezialisten<\/strong><br>\u2714 <strong>Entdecken Sie die neuesten Innovationen von Thibaut<\/strong><br>\u2714 <strong>Kn\u00fcpfen Sie wertvolle Kontakte mit anderen Branchenexperten<\/strong><\/p>\n\n\n\n<p>  <strong>Ort:<\/strong> Thibaut Werk, Vire (Normandie)<br>  <strong>Datum:<\/strong> 6. &amp; 7. M\u00e4rz 2025<\/p>\n\n\n\n<p><strong>  Sichern Sie sich jetzt Ihren Demo-Termin!<\/strong><br>[<a href=\"https:\/\/forms.gle\/41bbRB8UW8jfuysZA\">Registrierungslink<\/a>]<\/p>\n\n\n\n<p>Wir freuen uns darauf, Sie in Vire willkommen zu hei\u00dfen!<\/p>\n\n\n\n<p>  Bei Fragen kontaktieren Sie uns \u00fcber unsere Website: <a href=\"http:\/\/www.thibaut.fr\">www.thibaut.fr<\/a><\/p>\n ","protected":false},"excerpt":{"rendered":"<p>Am 6. und 7. M\u00e4rz 2025 l\u00e4dt Thibaut Sie zu den Tag der offenen T\u00fcr in unserem Werk in Vire, Normandie, ein. Diese exklusive Veranstaltung bietet Ihnen die M\u00f6glichkeit, unsere CNC-Maschinen live zu erleben und sich mit Experten aus der Branche auszutauschen. Was erwartet Sie? Live-Demonstrationen unserer neuesten Technologien:\u2714 T512 Polierzentrum \u2013 Perfekte Oberfl\u00e4chenbearbeitung f\u00fcr [&hellip;]<\/p>\n","protected":false},"author":2,"featured_media":10479,"comment_status":"closed","ping_status":"open","sticky":false,"template":"","format":"standard","meta":{"_acf_changed":false,"footnotes":""},"categories":[1],"tags":[],"class_list":["post-11167","post","type-post","status-publish","format-standard","has-post-thumbnail","hentry","category-non-categorise"],"acf":[],"yoast_head":"<!-- This site is optimized with the Yoast SEO Premium plugin v27.5 (Yoast SEO v27.5) - https:\/\/yoast.com\/product\/yoast-seo-premium-wordpress\/ -->\n<title>Tag der offenen T\u00fcr \u2013 6. &amp; 7. M\u00e4rz 2025 in Vire! | Groupe Thibaut<\/title>\n<meta name=\"description\" content=\"Am 6. und 7. M\u00e4rz 2025 l\u00e4dt Thibaut Sie zu den Tag der offenen T\u00fcr in unserem Werk in Vire, Normandie, ein. Diese exklusive Veranstaltung bietet Ihnen die\" \/>\n<meta name=\"robots\" content=\"index, follow, max-snippet:-1, max-image-preview:large, max-video-preview:-1\" \/>\n<link rel=\"canonical\" href=\"https:\/\/www.thibaut.fr\/de\/besuchen-sie-die-thibaut-focus-days-6-7-marz-2025-in-vire\/\" \/>\n<meta property=\"og:locale\" content=\"de_DE\" \/>\n<meta property=\"og:type\" content=\"article\" \/>\n<meta property=\"og:title\" content=\"Tag der offenen T\u00fcr \u2013 6. &amp; 7. M\u00e4rz 2025 in Vire!\" \/>\n<meta property=\"og:description\" content=\"Am 6. und 7. M\u00e4rz 2025 l\u00e4dt Thibaut Sie zu den Tag der offenen T\u00fcr in unserem Werk in Vire, Normandie, ein. Diese exklusive Veranstaltung bietet Ihnen die\" \/>\n<meta property=\"og:url\" content=\"https:\/\/www.thibaut.fr\/de\/besuchen-sie-die-thibaut-focus-days-6-7-marz-2025-in-vire\/\" \/>\n<meta property=\"og:site_name\" content=\"Groupe Thibaut\" \/>\n<meta property=\"article:publisher\" content=\"https:\/\/www.facebook.com\/thibautgroupe\" \/>\n<meta property=\"article:published_time\" content=\"2025-02-13T23:00:00+00:00\" \/>\n<meta property=\"article:modified_time\" content=\"2026-01-27T18:20:07+00:00\" \/>\n<meta property=\"og:image\" content=\"https:\/\/www.thibaut.fr\/wp-content\/uploads\/2025\/02\/image_2025-02-14_140439797.png\" \/>\n\t<meta property=\"og:image:width\" content=\"627\" \/>\n\t<meta property=\"og:image:height\" content=\"225\" \/>\n\t<meta property=\"og:image:type\" content=\"image\/png\" \/>\n<meta name=\"author\" content=\"Baptiste Lebouteiller\" \/>\n<meta name=\"twitter:card\" content=\"summary_large_image\" \/>\n<meta name=\"twitter:label1\" content=\"Verfasst von\" \/>\n\t<meta name=\"twitter:data1\" content=\"Baptiste Lebouteiller\" \/>\n\t<meta name=\"twitter:label2\" content=\"Gesch\u00e4tzte Lesezeit\" \/>\n\t<meta name=\"twitter:data2\" content=\"1\u00a0Minute\" \/>\n<script type=\"application\/ld+json\" class=\"yoast-schema-graph\">{\"@context\":\"https:\\\/\\\/schema.org\",\"@graph\":[{\"@type\":\"Article\",\"@id\":\"https:\\\/\\\/www.thibaut.fr\\\/de\\\/besuchen-sie-die-thibaut-focus-days-6-7-marz-2025-in-vire\\\/#article\",\"isPartOf\":{\"@id\":\"https:\\\/\\\/www.thibaut.fr\\\/de\\\/besuchen-sie-die-thibaut-focus-days-6-7-marz-2025-in-vire\\\/\"},\"author\":{\"name\":\"Baptiste Lebouteiller\",\"@id\":\"https:\\\/\\\/www.thibaut.fr\\\/de\\\/#\\\/schema\\\/person\\\/22eccdb35a451952e1179ce7830490b0\"},\"headline\":\"Tag der offenen T\u00fcr \u2013 6. &amp; 7. M\u00e4rz 2025 in Vire!\",\"datePublished\":\"2025-02-13T23:00:00+00:00\",\"dateModified\":\"2026-01-27T18:20:07+00:00\",\"mainEntityOfPage\":{\"@id\":\"https:\\\/\\\/www.thibaut.fr\\\/de\\\/besuchen-sie-die-thibaut-focus-days-6-7-marz-2025-in-vire\\\/\"},\"wordCount\":219,\"publisher\":{\"@id\":\"https:\\\/\\\/www.thibaut.fr\\\/de\\\/#organization\"},\"image\":{\"@id\":\"https:\\\/\\\/www.thibaut.fr\\\/de\\\/besuchen-sie-die-thibaut-focus-days-6-7-marz-2025-in-vire\\\/#primaryimage\"},\"thumbnailUrl\":\"https:\\\/\\\/www.thibaut.fr\\\/wp-content\\\/uploads\\\/2025\\\/02\\\/image_2025-02-14_140439797.png\",\"articleSection\":[\"Non cat\u00e9goris\u00e9\"],\"inLanguage\":\"de\"},{\"@type\":\"WebPage\",\"@id\":\"https:\\\/\\\/www.thibaut.fr\\\/de\\\/besuchen-sie-die-thibaut-focus-days-6-7-marz-2025-in-vire\\\/\",\"url\":\"https:\\\/\\\/www.thibaut.fr\\\/de\\\/besuchen-sie-die-thibaut-focus-days-6-7-marz-2025-in-vire\\\/\",\"name\":\"Tag der offenen T\u00fcr \u2013 6. &amp; 7. M\u00e4rz 2025 in Vire! | Groupe Thibaut\",\"isPartOf\":{\"@id\":\"https:\\\/\\\/www.thibaut.fr\\\/de\\\/#website\"},\"primaryImageOfPage\":{\"@id\":\"https:\\\/\\\/www.thibaut.fr\\\/de\\\/besuchen-sie-die-thibaut-focus-days-6-7-marz-2025-in-vire\\\/#primaryimage\"},\"image\":{\"@id\":\"https:\\\/\\\/www.thibaut.fr\\\/de\\\/besuchen-sie-die-thibaut-focus-days-6-7-marz-2025-in-vire\\\/#primaryimage\"},\"thumbnailUrl\":\"https:\\\/\\\/www.thibaut.fr\\\/wp-content\\\/uploads\\\/2025\\\/02\\\/image_2025-02-14_140439797.png\",\"datePublished\":\"2025-02-13T23:00:00+00:00\",\"dateModified\":\"2026-01-27T18:20:07+00:00\",\"description\":\"Am 6. und 7. M\u00e4rz 2025 l\u00e4dt Thibaut Sie zu den Tag der offenen T\u00fcr in unserem Werk in Vire, Normandie, ein. Diese exklusive Veranstaltung bietet Ihnen die\",\"breadcrumb\":{\"@id\":\"https:\\\/\\\/www.thibaut.fr\\\/de\\\/besuchen-sie-die-thibaut-focus-days-6-7-marz-2025-in-vire\\\/#breadcrumb\"},\"inLanguage\":\"de\",\"potentialAction\":[{\"@type\":\"ReadAction\",\"target\":[\"https:\\\/\\\/www.thibaut.fr\\\/de\\\/besuchen-sie-die-thibaut-focus-days-6-7-marz-2025-in-vire\\\/\"]}]},{\"@type\":\"ImageObject\",\"inLanguage\":\"de\",\"@id\":\"https:\\\/\\\/www.thibaut.fr\\\/de\\\/besuchen-sie-die-thibaut-focus-days-6-7-marz-2025-in-vire\\\/#primaryimage\",\"url\":\"https:\\\/\\\/www.thibaut.fr\\\/wp-content\\\/uploads\\\/2025\\\/02\\\/image_2025-02-14_140439797.png\",\"contentUrl\":\"https:\\\/\\\/www.thibaut.fr\\\/wp-content\\\/uploads\\\/2025\\\/02\\\/image_2025-02-14_140439797.png\",\"width\":627,\"height\":225},{\"@type\":\"BreadcrumbList\",\"@id\":\"https:\\\/\\\/www.thibaut.fr\\\/de\\\/besuchen-sie-die-thibaut-focus-days-6-7-marz-2025-in-vire\\\/#breadcrumb\",\"itemListElement\":[{\"@type\":\"ListItem\",\"position\":1,\"name\":\"Accueil\",\"item\":\"https:\\\/\\\/www.thibaut.fr\\\/de\\\/\"},{\"@type\":\"ListItem\",\"position\":2,\"name\":\"Nicht kategorisiert\",\"item\":\"https:\\\/\\\/www.thibaut.fr\\\/de\\\/category\\\/nicht-kategorisiert\\\/\"},{\"@type\":\"ListItem\",\"position\":3,\"name\":\"Tag der offenen T\u00fcr \u2013 6. &amp; 7. M\u00e4rz 2025 in Vire!\"}]},{\"@type\":\"WebSite\",\"@id\":\"https:\\\/\\\/www.thibaut.fr\\\/de\\\/#website\",\"url\":\"https:\\\/\\\/www.thibaut.fr\\\/de\\\/\",\"name\":\"Groupe Thibaut\",\"description\":\"L&#039;excellence au service de la pierre depuis 1959\",\"publisher\":{\"@id\":\"https:\\\/\\\/www.thibaut.fr\\\/de\\\/#organization\"},\"alternateName\":\"Thibaut\",\"potentialAction\":[{\"@type\":\"SearchAction\",\"target\":{\"@type\":\"EntryPoint\",\"urlTemplate\":\"https:\\\/\\\/www.thibaut.fr\\\/de\\\/?s={search_term_string}\"},\"query-input\":{\"@type\":\"PropertyValueSpecification\",\"valueRequired\":true,\"valueName\":\"search_term_string\"}}],\"inLanguage\":\"de\"},{\"@type\":\"Organization\",\"@id\":\"https:\\\/\\\/www.thibaut.fr\\\/de\\\/#organization\",\"name\":\"Groupe Thibaut\",\"alternateName\":\"Thibaut\",\"url\":\"https:\\\/\\\/www.thibaut.fr\\\/de\\\/\",\"logo\":{\"@type\":\"ImageObject\",\"inLanguage\":\"de\",\"@id\":\"https:\\\/\\\/www.thibaut.fr\\\/de\\\/#\\\/schema\\\/logo\\\/image\\\/\",\"url\":\"https:\\\/\\\/www.thibaut.fr\\\/wp-content\\\/uploads\\\/2025\\\/12\\\/Logo-THIBAUT-CMJN.jpg\",\"contentUrl\":\"https:\\\/\\\/www.thibaut.fr\\\/wp-content\\\/uploads\\\/2025\\\/12\\\/Logo-THIBAUT-CMJN.jpg\",\"width\":1181,\"height\":286,\"caption\":\"Groupe Thibaut\"},\"image\":{\"@id\":\"https:\\\/\\\/www.thibaut.fr\\\/de\\\/#\\\/schema\\\/logo\\\/image\\\/\"},\"sameAs\":[\"https:\\\/\\\/www.facebook.com\\\/thibautgroupe\",\"https:\\\/\\\/www.instagram.com\\\/thibautgroupe\\\/\",\"https:\\\/\\\/www.youtube.com\\\/channel\\\/UC4yln9Xigw8FvApMJU5c_HA\",\"https:\\\/\\\/www.linkedin.com\\\/company\\\/thibaut-sa\\\/\"],\"description\":\"Manufacturing company\",\"email\":\"marketing@thibaut.fr\",\"telephone\":\"+33(0)2 31 66 68 00\",\"legalName\":\"Thibaut\",\"foundingDate\":\"1959-01-01\",\"vatID\":\"FR00377782792\",\"taxID\":\"37778279200016\",\"numberOfEmployees\":{\"@type\":\"QuantitativeValue\",\"minValue\":\"51\",\"maxValue\":\"200\"}},{\"@type\":\"Person\",\"@id\":\"https:\\\/\\\/www.thibaut.fr\\\/de\\\/#\\\/schema\\\/person\\\/22eccdb35a451952e1179ce7830490b0\",\"name\":\"Baptiste Lebouteiller\",\"image\":{\"@type\":\"ImageObject\",\"inLanguage\":\"de\",\"@id\":\"https:\\\/\\\/secure.gravatar.com\\\/avatar\\\/2380c3a844665d56c0ce1c298750b9ea4ca24e7e86165614b1e0640de9e4bd6e?s=96&d=mm&r=g\",\"url\":\"https:\\\/\\\/secure.gravatar.com\\\/avatar\\\/2380c3a844665d56c0ce1c298750b9ea4ca24e7e86165614b1e0640de9e4bd6e?s=96&d=mm&r=g\",\"contentUrl\":\"https:\\\/\\\/secure.gravatar.com\\\/avatar\\\/2380c3a844665d56c0ce1c298750b9ea4ca24e7e86165614b1e0640de9e4bd6e?s=96&d=mm&r=g\",\"caption\":\"Baptiste Lebouteiller\"},\"sameAs\":[\"http:\\\/\\\/thibaut.fr\"]}]}<\/script>\n<!-- \/ Yoast SEO Premium plugin. -->","yoast_head_json":{"title":"Tag der offenen T\u00fcr \u2013 6. &amp; 7. M\u00e4rz 2025 in Vire! | Groupe Thibaut","description":"Am 6. und 7. M\u00e4rz 2025 l\u00e4dt Thibaut Sie zu den Tag der offenen T\u00fcr in unserem Werk in Vire, Normandie, ein. Diese exklusive Veranstaltung bietet Ihnen die","robots":{"index":"index","follow":"follow","max-snippet":"max-snippet:-1","max-image-preview":"max-image-preview:large","max-video-preview":"max-video-preview:-1"},"canonical":"https:\/\/www.thibaut.fr\/de\/besuchen-sie-die-thibaut-focus-days-6-7-marz-2025-in-vire\/","og_locale":"de_DE","og_type":"article","og_title":"Tag der offenen T\u00fcr \u2013 6. &amp; 7. M\u00e4rz 2025 in Vire!","og_description":"Am 6. und 7. M\u00e4rz 2025 l\u00e4dt Thibaut Sie zu den Tag der offenen T\u00fcr in unserem Werk in Vire, Normandie, ein. Diese exklusive Veranstaltung bietet Ihnen die","og_url":"https:\/\/www.thibaut.fr\/de\/besuchen-sie-die-thibaut-focus-days-6-7-marz-2025-in-vire\/","og_site_name":"Groupe Thibaut","article_publisher":"https:\/\/www.facebook.com\/thibautgroupe","article_published_time":"2025-02-13T23:00:00+00:00","article_modified_time":"2026-01-27T18:20:07+00:00","og_image":[{"width":627,"height":225,"url":"https:\/\/www.thibaut.fr\/wp-content\/uploads\/2025\/02\/image_2025-02-14_140439797.png","type":"image\/png"}],"author":"Baptiste Lebouteiller","twitter_card":"summary_large_image","twitter_misc":{"Verfasst von":"Baptiste Lebouteiller","Gesch\u00e4tzte Lesezeit":"1\u00a0Minute"},"schema":{"@context":"https:\/\/schema.org","@graph":[{"@type":"Article","@id":"https:\/\/www.thibaut.fr\/de\/besuchen-sie-die-thibaut-focus-days-6-7-marz-2025-in-vire\/#article","isPartOf":{"@id":"https:\/\/www.thibaut.fr\/de\/besuchen-sie-die-thibaut-focus-days-6-7-marz-2025-in-vire\/"},"author":{"name":"Baptiste Lebouteiller","@id":"https:\/\/www.thibaut.fr\/de\/#\/schema\/person\/22eccdb35a451952e1179ce7830490b0"},"headline":"Tag der offenen T\u00fcr \u2013 6. &amp; 7. M\u00e4rz 2025 in Vire!","datePublished":"2025-02-13T23:00:00+00:00","dateModified":"2026-01-27T18:20:07+00:00","mainEntityOfPage":{"@id":"https:\/\/www.thibaut.fr\/de\/besuchen-sie-die-thibaut-focus-days-6-7-marz-2025-in-vire\/"},"wordCount":219,"publisher":{"@id":"https:\/\/www.thibaut.fr\/de\/#organization"},"image":{"@id":"https:\/\/www.thibaut.fr\/de\/besuchen-sie-die-thibaut-focus-days-6-7-marz-2025-in-vire\/#primaryimage"},"thumbnailUrl":"https:\/\/www.thibaut.fr\/wp-content\/uploads\/2025\/02\/image_2025-02-14_140439797.png","articleSection":["Non cat\u00e9goris\u00e9"],"inLanguage":"de"},{"@type":"WebPage","@id":"https:\/\/www.thibaut.fr\/de\/besuchen-sie-die-thibaut-focus-days-6-7-marz-2025-in-vire\/","url":"https:\/\/www.thibaut.fr\/de\/besuchen-sie-die-thibaut-focus-days-6-7-marz-2025-in-vire\/","name":"Tag der offenen T\u00fcr \u2013 6. &amp; 7. M\u00e4rz 2025 in Vire! | Groupe Thibaut","isPartOf":{"@id":"https:\/\/www.thibaut.fr\/de\/#website"},"primaryImageOfPage":{"@id":"https:\/\/www.thibaut.fr\/de\/besuchen-sie-die-thibaut-focus-days-6-7-marz-2025-in-vire\/#primaryimage"},"image":{"@id":"https:\/\/www.thibaut.fr\/de\/besuchen-sie-die-thibaut-focus-days-6-7-marz-2025-in-vire\/#primaryimage"},"thumbnailUrl":"https:\/\/www.thibaut.fr\/wp-content\/uploads\/2025\/02\/image_2025-02-14_140439797.png","datePublished":"2025-02-13T23:00:00+00:00","dateModified":"2026-01-27T18:20:07+00:00","description":"Am 6. und 7. M\u00e4rz 2025 l\u00e4dt Thibaut Sie zu den Tag der offenen T\u00fcr in unserem Werk in Vire, Normandie, ein. Diese exklusive Veranstaltung bietet Ihnen die","breadcrumb":{"@id":"https:\/\/www.thibaut.fr\/de\/besuchen-sie-die-thibaut-focus-days-6-7-marz-2025-in-vire\/#breadcrumb"},"inLanguage":"de","potentialAction":[{"@type":"ReadAction","target":["https:\/\/www.thibaut.fr\/de\/besuchen-sie-die-thibaut-focus-days-6-7-marz-2025-in-vire\/"]}]},{"@type":"ImageObject","inLanguage":"de","@id":"https:\/\/www.thibaut.fr\/de\/besuchen-sie-die-thibaut-focus-days-6-7-marz-2025-in-vire\/#primaryimage","url":"https:\/\/www.thibaut.fr\/wp-content\/uploads\/2025\/02\/image_2025-02-14_140439797.png","contentUrl":"https:\/\/www.thibaut.fr\/wp-content\/uploads\/2025\/02\/image_2025-02-14_140439797.png","width":627,"height":225},{"@type":"BreadcrumbList","@id":"https:\/\/www.thibaut.fr\/de\/besuchen-sie-die-thibaut-focus-days-6-7-marz-2025-in-vire\/#breadcrumb","itemListElement":[{"@type":"ListItem","position":1,"name":"Accueil","item":"https:\/\/www.thibaut.fr\/de\/"},{"@type":"ListItem","position":2,"name":"Nicht kategorisiert","item":"https:\/\/www.thibaut.fr\/de\/category\/nicht-kategorisiert\/"},{"@type":"ListItem","position":3,"name":"Tag der offenen T\u00fcr \u2013 6. &amp; 7. M\u00e4rz 2025 in Vire!"}]},{"@type":"WebSite","@id":"https:\/\/www.thibaut.fr\/de\/#website","url":"https:\/\/www.thibaut.fr\/de\/","name":"Groupe Thibaut","description":"L&#039;excellence au service de la pierre depuis 1959","publisher":{"@id":"https:\/\/www.thibaut.fr\/de\/#organization"},"alternateName":"Thibaut","potentialAction":[{"@type":"SearchAction","target":{"@type":"EntryPoint","urlTemplate":"https:\/\/www.thibaut.fr\/de\/?s={search_term_string}"},"query-input":{"@type":"PropertyValueSpecification","valueRequired":true,"valueName":"search_term_string"}}],"inLanguage":"de"},{"@type":"Organization","@id":"https:\/\/www.thibaut.fr\/de\/#organization","name":"Groupe Thibaut","alternateName":"Thibaut","url":"https:\/\/www.thibaut.fr\/de\/","logo":{"@type":"ImageObject","inLanguage":"de","@id":"https:\/\/www.thibaut.fr\/de\/#\/schema\/logo\/image\/","url":"https:\/\/www.thibaut.fr\/wp-content\/uploads\/2025\/12\/Logo-THIBAUT-CMJN.jpg","contentUrl":"https:\/\/www.thibaut.fr\/wp-content\/uploads\/2025\/12\/Logo-THIBAUT-CMJN.jpg","width":1181,"height":286,"caption":"Groupe Thibaut"},"image":{"@id":"https:\/\/www.thibaut.fr\/de\/#\/schema\/logo\/image\/"},"sameAs":["https:\/\/www.facebook.com\/thibautgroupe","https:\/\/www.instagram.com\/thibautgroupe\/","https:\/\/www.youtube.com\/channel\/UC4yln9Xigw8FvApMJU5c_HA","https:\/\/www.linkedin.com\/company\/thibaut-sa\/"],"description":"Manufacturing company","email":"marketing@thibaut.fr","telephone":"+33(0)2 31 66 68 00","legalName":"Thibaut","foundingDate":"1959-01-01","vatID":"FR00377782792","taxID":"37778279200016","numberOfEmployees":{"@type":"QuantitativeValue","minValue":"51","maxValue":"200"}},{"@type":"Person","@id":"https:\/\/www.thibaut.fr\/de\/#\/schema\/person\/22eccdb35a451952e1179ce7830490b0","name":"Baptiste Lebouteiller","image":{"@type":"ImageObject","inLanguage":"de","@id":"https:\/\/secure.gravatar.com\/avatar\/2380c3a844665d56c0ce1c298750b9ea4ca24e7e86165614b1e0640de9e4bd6e?s=96&d=mm&r=g","url":"https:\/\/secure.gravatar.com\/avatar\/2380c3a844665d56c0ce1c298750b9ea4ca24e7e86165614b1e0640de9e4bd6e?s=96&d=mm&r=g","contentUrl":"https:\/\/secure.gravatar.com\/avatar\/2380c3a844665d56c0ce1c298750b9ea4ca24e7e86165614b1e0640de9e4bd6e?s=96&d=mm&r=g","caption":"Baptiste Lebouteiller"},"sameAs":["http:\/\/thibaut.fr"]}]}},"_links":{"self":[{"href":"https:\/\/www.thibaut.fr\/de\/wp-json\/wp\/v2\/posts\/11167","targetHints":{"allow":["GET"]}}],"collection":[{"href":"https:\/\/www.thibaut.fr\/de\/wp-json\/wp\/v2\/posts"}],"about":[{"href":"https:\/\/www.thibaut.fr\/de\/wp-json\/wp\/v2\/types\/post"}],"author":[{"embeddable":true,"href":"https:\/\/www.thibaut.fr\/de\/wp-json\/wp\/v2\/users\/2"}],"replies":[{"embeddable":true,"href":"https:\/\/www.thibaut.fr\/de\/wp-json\/wp\/v2\/comments?post=11167"}],"version-history":[{"count":0,"href":"https:\/\/www.thibaut.fr\/de\/wp-json\/wp\/v2\/posts\/11167\/revisions"}],"wp:featuredmedia":[{"embeddable":true,"href":"https:\/\/www.thibaut.fr\/de\/wp-json\/wp\/v2\/media\/10479"}],"wp:attachment":[{"href":"https:\/\/www.thibaut.fr\/de\/wp-json\/wp\/v2\/media?parent=11167"}],"wp:term":[{"taxonomy":"category","embeddable":true,"href":"https:\/\/www.thibaut.fr\/de\/wp-json\/wp\/v2\/categories?post=11167"},{"taxonomy":"post_tag","embeddable":true,"href":"https:\/\/www.thibaut.fr\/de\/wp-json\/wp\/v2\/tags?post=11167"}],"curies":[{"name":"wp","href":"https:\/\/api.w.org\/{rel}","templated":true}]}}