{"id":11138,"date":"2024-10-21T00:00:00","date_gmt":"2024-10-20T22:00:00","guid":{"rendered":"https:\/\/thibaut.thomasmichonneau.com\/nehmen-sie-an-den-thibaut-ziel-tagen-vom-4-bis-8-november-in-vire-teil-2\/"},"modified":"2026-01-27T19:20:11","modified_gmt":"2026-01-27T18:20:11","slug":"nehmen-sie-an-den-thibaut-ziel-tagen-vom-4-bis-8-november-in-vire-teil-2","status":"publish","type":"post","link":"https:\/\/www.thibaut.fr\/de\/nehmen-sie-an-den-thibaut-ziel-tagen-vom-4-bis-8-november-in-vire-teil-2\/","title":{"rendered":"Nehmen Sie an den Thibaut-Ziel-Tagen vom 4. bis 8. November in Vire teil!"},"content":{"rendered":"\n<p>Wir freuen uns, unsere <strong>Ziel-Tage<\/strong> anzuk\u00fcndigen, eine besondere Veranstaltung, die vom <strong>4. bis 8. November 2024<\/strong> in unserem Hauptsitz in <strong>Vire<\/strong> stattfindet. Dies ist eine einzigartige Gelegenheit, unsere neuesten Innovationen zu entdecken und sich in einer freundlichen Atmosph\u00e4re mit unseren Experten auszutauschen.<\/p>\n\n\n\n<p>W\u00e4hrend dieser Veranstaltung pr\u00e4sentieren wir <strong>zwei brandneue Maschinen<\/strong>:<\/p>\n\n\n\n<ul class=\"wp-block-list\">\n<li>Das <strong>Flachpolierzentrum T512<\/strong>, das f\u00fcr optimale Leistung bei der Oberfl\u00e4chenbearbeitung entwickelt wurde.<\/li>\n\n\n\n<li>Die <strong>Monoblock-S\u00e4gemaschine TC425<\/strong>, die unvergleichliche Pr\u00e4zision bei komplexen Schnitten bietet.<\/li>\n<\/ul>\n\n\n\n<p>Sie k\u00f6nnen <strong>Live-Demonstrationen<\/strong> dieser Maschinen miterleben und erhalten eine Pr\u00e4sentation unserer benutzerfreundlichen <strong>5-Achsen-Software<\/strong>, die eine fortschrittliche Steuerung Ihrer Fertigungsprozesse erm\u00f6glicht. Unsere Experten stehen Ihnen vor Ort zur Verf\u00fcgung, um Ihre Fragen zu beantworten und ma\u00dfgeschneiderte L\u00f6sungen f\u00fcr Ihre Anforderungen zu empfehlen.<\/p>\n\n\n\n<p>Zus\u00e4tzlich zu den Vorf\u00fchrungen laden wir Sie ein, unsere <strong>Einrichtungen zu besichtigen<\/strong>, um Einblicke in unseren hochmodernen Maschinenentwicklungsprozess zu gewinnen.<\/p>\n\n\n\n<p><strong><a href=\"https:\/\/docs.google.com\/forms\/d\/e\/1FAIpQLSeadlf48sOgpLrHE_AVuHQiUiRrbuGeZ3nkqNmK8pp0y1DpRQ\/viewform\">Sichern Sie sich jetzt Ihren Platz<\/a><\/strong>, um diese einzigartige Gelegenheit zu nutzen und die neuesten Innovationen der Branche zu sehen. Wir freuen uns darauf, Sie begr\u00fc\u00dfen zu d\u00fcrfen und Ihnen die Maschinen zu pr\u00e4sentieren, die Ihr Unternehmen transformieren k\u00f6nnen!<\/p>\n ","protected":false},"excerpt":{"rendered":"<p>Wir freuen uns, unsere Ziel-Tage anzuk\u00fcndigen, eine besondere Veranstaltung, die vom 4. bis 8. November 2024 in unserem Hauptsitz in Vire stattfindet. Dies ist eine einzigartige Gelegenheit, unsere neuesten Innovationen zu entdecken und sich in einer freundlichen Atmosph\u00e4re mit unseren Experten auszutauschen. W\u00e4hrend dieser Veranstaltung pr\u00e4sentieren wir zwei brandneue Maschinen: Sie k\u00f6nnen Live-Demonstrationen dieser Maschinen [&hellip;]<\/p>\n","protected":false},"author":2,"featured_media":10164,"comment_status":"closed","ping_status":"open","sticky":false,"template":"","format":"standard","meta":{"_acf_changed":false,"footnotes":""},"categories":[1],"tags":[],"class_list":["post-11138","post","type-post","status-publish","format-standard","has-post-thumbnail","hentry","category-non-categorise"],"acf":[],"yoast_head":"<!-- This site is optimized with the Yoast SEO Premium plugin v27.5 (Yoast SEO v27.5) - https:\/\/yoast.com\/product\/yoast-seo-premium-wordpress\/ -->\n<title>Nehmen Sie an den Thibaut-Ziel-Tagen vom 4. bis 8. November in Vire teil! | Groupe Thibaut<\/title>\n<meta name=\"description\" content=\"Wir freuen uns, unsere Ziel-Tage anzuk\u00fcndigen, eine besondere Veranstaltung, die vom 4. bis 8. November 2024 in unserem Hauptsitz in Vire stattfindet.\" \/>\n<meta name=\"robots\" content=\"index, follow, max-snippet:-1, max-image-preview:large, max-video-preview:-1\" \/>\n<link rel=\"canonical\" href=\"https:\/\/www.thibaut.fr\/de\/nehmen-sie-an-den-thibaut-ziel-tagen-vom-4-bis-8-november-in-vire-teil-2\/\" \/>\n<meta property=\"og:locale\" content=\"de_DE\" \/>\n<meta property=\"og:type\" content=\"article\" \/>\n<meta property=\"og:title\" content=\"Nehmen Sie an den Thibaut-Ziel-Tagen vom 4. bis 8. November in Vire teil!\" \/>\n<meta property=\"og:description\" content=\"Wir freuen uns, unsere Ziel-Tage anzuk\u00fcndigen, eine besondere Veranstaltung, die vom 4. bis 8. November 2024 in unserem Hauptsitz in Vire stattfindet.\" \/>\n<meta property=\"og:url\" content=\"https:\/\/www.thibaut.fr\/de\/nehmen-sie-an-den-thibaut-ziel-tagen-vom-4-bis-8-november-in-vire-teil-2\/\" \/>\n<meta property=\"og:site_name\" content=\"Groupe Thibaut\" \/>\n<meta property=\"article:publisher\" content=\"https:\/\/www.facebook.com\/thibautgroupe\" \/>\n<meta property=\"article:published_time\" content=\"2024-10-20T22:00:00+00:00\" \/>\n<meta property=\"article:modified_time\" content=\"2026-01-27T18:20:11+00:00\" \/>\n<meta property=\"og:image\" content=\"https:\/\/www.thibaut.fr\/wp-content\/uploads\/2024\/10\/Allemand.png\" \/>\n\t<meta property=\"og:image:width\" content=\"600\" \/>\n\t<meta property=\"og:image:height\" content=\"215\" \/>\n\t<meta property=\"og:image:type\" content=\"image\/png\" \/>\n<meta name=\"author\" content=\"Baptiste Lebouteiller\" \/>\n<meta name=\"twitter:card\" content=\"summary_large_image\" \/>\n<meta name=\"twitter:label1\" content=\"Verfasst von\" \/>\n\t<meta name=\"twitter:data1\" content=\"Baptiste Lebouteiller\" \/>\n\t<meta name=\"twitter:label2\" content=\"Gesch\u00e4tzte Lesezeit\" \/>\n\t<meta name=\"twitter:data2\" content=\"1\u00a0Minute\" \/>\n<script type=\"application\/ld+json\" class=\"yoast-schema-graph\">{\"@context\":\"https:\\\/\\\/schema.org\",\"@graph\":[{\"@type\":\"Article\",\"@id\":\"https:\\\/\\\/www.thibaut.fr\\\/de\\\/nehmen-sie-an-den-thibaut-ziel-tagen-vom-4-bis-8-november-in-vire-teil-2\\\/#article\",\"isPartOf\":{\"@id\":\"https:\\\/\\\/www.thibaut.fr\\\/de\\\/nehmen-sie-an-den-thibaut-ziel-tagen-vom-4-bis-8-november-in-vire-teil-2\\\/\"},\"author\":{\"name\":\"Baptiste Lebouteiller\",\"@id\":\"https:\\\/\\\/www.thibaut.fr\\\/de\\\/#\\\/schema\\\/person\\\/22eccdb35a451952e1179ce7830490b0\"},\"headline\":\"Nehmen Sie an den Thibaut-Ziel-Tagen vom 4. bis 8. November in Vire teil!\",\"datePublished\":\"2024-10-20T22:00:00+00:00\",\"dateModified\":\"2026-01-27T18:20:11+00:00\",\"mainEntityOfPage\":{\"@id\":\"https:\\\/\\\/www.thibaut.fr\\\/de\\\/nehmen-sie-an-den-thibaut-ziel-tagen-vom-4-bis-8-november-in-vire-teil-2\\\/\"},\"wordCount\":201,\"publisher\":{\"@id\":\"https:\\\/\\\/www.thibaut.fr\\\/de\\\/#organization\"},\"image\":{\"@id\":\"https:\\\/\\\/www.thibaut.fr\\\/de\\\/nehmen-sie-an-den-thibaut-ziel-tagen-vom-4-bis-8-november-in-vire-teil-2\\\/#primaryimage\"},\"thumbnailUrl\":\"https:\\\/\\\/www.thibaut.fr\\\/wp-content\\\/uploads\\\/2024\\\/10\\\/Allemand.png\",\"articleSection\":[\"Non cat\u00e9goris\u00e9\"],\"inLanguage\":\"de\"},{\"@type\":\"WebPage\",\"@id\":\"https:\\\/\\\/www.thibaut.fr\\\/de\\\/nehmen-sie-an-den-thibaut-ziel-tagen-vom-4-bis-8-november-in-vire-teil-2\\\/\",\"url\":\"https:\\\/\\\/www.thibaut.fr\\\/de\\\/nehmen-sie-an-den-thibaut-ziel-tagen-vom-4-bis-8-november-in-vire-teil-2\\\/\",\"name\":\"Nehmen Sie an den Thibaut-Ziel-Tagen vom 4. bis 8. November in Vire teil! | Groupe Thibaut\",\"isPartOf\":{\"@id\":\"https:\\\/\\\/www.thibaut.fr\\\/de\\\/#website\"},\"primaryImageOfPage\":{\"@id\":\"https:\\\/\\\/www.thibaut.fr\\\/de\\\/nehmen-sie-an-den-thibaut-ziel-tagen-vom-4-bis-8-november-in-vire-teil-2\\\/#primaryimage\"},\"image\":{\"@id\":\"https:\\\/\\\/www.thibaut.fr\\\/de\\\/nehmen-sie-an-den-thibaut-ziel-tagen-vom-4-bis-8-november-in-vire-teil-2\\\/#primaryimage\"},\"thumbnailUrl\":\"https:\\\/\\\/www.thibaut.fr\\\/wp-content\\\/uploads\\\/2024\\\/10\\\/Allemand.png\",\"datePublished\":\"2024-10-20T22:00:00+00:00\",\"dateModified\":\"2026-01-27T18:20:11+00:00\",\"description\":\"Wir freuen uns, unsere Ziel-Tage anzuk\u00fcndigen, eine besondere Veranstaltung, die vom 4. bis 8. November 2024 in unserem Hauptsitz in Vire stattfindet.\",\"breadcrumb\":{\"@id\":\"https:\\\/\\\/www.thibaut.fr\\\/de\\\/nehmen-sie-an-den-thibaut-ziel-tagen-vom-4-bis-8-november-in-vire-teil-2\\\/#breadcrumb\"},\"inLanguage\":\"de\",\"potentialAction\":[{\"@type\":\"ReadAction\",\"target\":[\"https:\\\/\\\/www.thibaut.fr\\\/de\\\/nehmen-sie-an-den-thibaut-ziel-tagen-vom-4-bis-8-november-in-vire-teil-2\\\/\"]}]},{\"@type\":\"ImageObject\",\"inLanguage\":\"de\",\"@id\":\"https:\\\/\\\/www.thibaut.fr\\\/de\\\/nehmen-sie-an-den-thibaut-ziel-tagen-vom-4-bis-8-november-in-vire-teil-2\\\/#primaryimage\",\"url\":\"https:\\\/\\\/www.thibaut.fr\\\/wp-content\\\/uploads\\\/2024\\\/10\\\/Allemand.png\",\"contentUrl\":\"https:\\\/\\\/www.thibaut.fr\\\/wp-content\\\/uploads\\\/2024\\\/10\\\/Allemand.png\",\"width\":600,\"height\":215},{\"@type\":\"BreadcrumbList\",\"@id\":\"https:\\\/\\\/www.thibaut.fr\\\/de\\\/nehmen-sie-an-den-thibaut-ziel-tagen-vom-4-bis-8-november-in-vire-teil-2\\\/#breadcrumb\",\"itemListElement\":[{\"@type\":\"ListItem\",\"position\":1,\"name\":\"Accueil\",\"item\":\"https:\\\/\\\/www.thibaut.fr\\\/de\\\/\"},{\"@type\":\"ListItem\",\"position\":2,\"name\":\"Nicht kategorisiert\",\"item\":\"https:\\\/\\\/www.thibaut.fr\\\/de\\\/category\\\/nicht-kategorisiert\\\/\"},{\"@type\":\"ListItem\",\"position\":3,\"name\":\"Nehmen Sie an den Thibaut-Ziel-Tagen vom 4. bis 8. November in Vire teil!\"}]},{\"@type\":\"WebSite\",\"@id\":\"https:\\\/\\\/www.thibaut.fr\\\/de\\\/#website\",\"url\":\"https:\\\/\\\/www.thibaut.fr\\\/de\\\/\",\"name\":\"Groupe Thibaut\",\"description\":\"L&#039;excellence au service de la pierre depuis 1959\",\"publisher\":{\"@id\":\"https:\\\/\\\/www.thibaut.fr\\\/de\\\/#organization\"},\"alternateName\":\"Thibaut\",\"potentialAction\":[{\"@type\":\"SearchAction\",\"target\":{\"@type\":\"EntryPoint\",\"urlTemplate\":\"https:\\\/\\\/www.thibaut.fr\\\/de\\\/?s={search_term_string}\"},\"query-input\":{\"@type\":\"PropertyValueSpecification\",\"valueRequired\":true,\"valueName\":\"search_term_string\"}}],\"inLanguage\":\"de\"},{\"@type\":\"Organization\",\"@id\":\"https:\\\/\\\/www.thibaut.fr\\\/de\\\/#organization\",\"name\":\"Groupe Thibaut\",\"alternateName\":\"Thibaut\",\"url\":\"https:\\\/\\\/www.thibaut.fr\\\/de\\\/\",\"logo\":{\"@type\":\"ImageObject\",\"inLanguage\":\"de\",\"@id\":\"https:\\\/\\\/www.thibaut.fr\\\/de\\\/#\\\/schema\\\/logo\\\/image\\\/\",\"url\":\"https:\\\/\\\/www.thibaut.fr\\\/wp-content\\\/uploads\\\/2025\\\/12\\\/Logo-THIBAUT-CMJN.jpg\",\"contentUrl\":\"https:\\\/\\\/www.thibaut.fr\\\/wp-content\\\/uploads\\\/2025\\\/12\\\/Logo-THIBAUT-CMJN.jpg\",\"width\":1181,\"height\":286,\"caption\":\"Groupe Thibaut\"},\"image\":{\"@id\":\"https:\\\/\\\/www.thibaut.fr\\\/de\\\/#\\\/schema\\\/logo\\\/image\\\/\"},\"sameAs\":[\"https:\\\/\\\/www.facebook.com\\\/thibautgroupe\",\"https:\\\/\\\/www.instagram.com\\\/thibautgroupe\\\/\",\"https:\\\/\\\/www.youtube.com\\\/channel\\\/UC4yln9Xigw8FvApMJU5c_HA\",\"https:\\\/\\\/www.linkedin.com\\\/company\\\/thibaut-sa\\\/\"],\"description\":\"Manufacturing company\",\"email\":\"marketing@thibaut.fr\",\"telephone\":\"+33(0)2 31 66 68 00\",\"legalName\":\"Thibaut\",\"foundingDate\":\"1959-01-01\",\"vatID\":\"FR00377782792\",\"taxID\":\"37778279200016\",\"numberOfEmployees\":{\"@type\":\"QuantitativeValue\",\"minValue\":\"51\",\"maxValue\":\"200\"}},{\"@type\":\"Person\",\"@id\":\"https:\\\/\\\/www.thibaut.fr\\\/de\\\/#\\\/schema\\\/person\\\/22eccdb35a451952e1179ce7830490b0\",\"name\":\"Baptiste Lebouteiller\",\"image\":{\"@type\":\"ImageObject\",\"inLanguage\":\"de\",\"@id\":\"https:\\\/\\\/secure.gravatar.com\\\/avatar\\\/2380c3a844665d56c0ce1c298750b9ea4ca24e7e86165614b1e0640de9e4bd6e?s=96&d=mm&r=g\",\"url\":\"https:\\\/\\\/secure.gravatar.com\\\/avatar\\\/2380c3a844665d56c0ce1c298750b9ea4ca24e7e86165614b1e0640de9e4bd6e?s=96&d=mm&r=g\",\"contentUrl\":\"https:\\\/\\\/secure.gravatar.com\\\/avatar\\\/2380c3a844665d56c0ce1c298750b9ea4ca24e7e86165614b1e0640de9e4bd6e?s=96&d=mm&r=g\",\"caption\":\"Baptiste Lebouteiller\"},\"sameAs\":[\"http:\\\/\\\/thibaut.fr\"]}]}<\/script>\n<!-- \/ Yoast SEO Premium plugin. -->","yoast_head_json":{"title":"Nehmen Sie an den Thibaut-Ziel-Tagen vom 4. bis 8. November in Vire teil! | Groupe Thibaut","description":"Wir freuen uns, unsere Ziel-Tage anzuk\u00fcndigen, eine besondere Veranstaltung, die vom 4. bis 8. November 2024 in unserem Hauptsitz in Vire stattfindet.","robots":{"index":"index","follow":"follow","max-snippet":"max-snippet:-1","max-image-preview":"max-image-preview:large","max-video-preview":"max-video-preview:-1"},"canonical":"https:\/\/www.thibaut.fr\/de\/nehmen-sie-an-den-thibaut-ziel-tagen-vom-4-bis-8-november-in-vire-teil-2\/","og_locale":"de_DE","og_type":"article","og_title":"Nehmen Sie an den Thibaut-Ziel-Tagen vom 4. bis 8. November in Vire teil!","og_description":"Wir freuen uns, unsere Ziel-Tage anzuk\u00fcndigen, eine besondere Veranstaltung, die vom 4. bis 8. November 2024 in unserem Hauptsitz in Vire stattfindet.","og_url":"https:\/\/www.thibaut.fr\/de\/nehmen-sie-an-den-thibaut-ziel-tagen-vom-4-bis-8-november-in-vire-teil-2\/","og_site_name":"Groupe Thibaut","article_publisher":"https:\/\/www.facebook.com\/thibautgroupe","article_published_time":"2024-10-20T22:00:00+00:00","article_modified_time":"2026-01-27T18:20:11+00:00","og_image":[{"width":600,"height":215,"url":"https:\/\/www.thibaut.fr\/wp-content\/uploads\/2024\/10\/Allemand.png","type":"image\/png"}],"author":"Baptiste Lebouteiller","twitter_card":"summary_large_image","twitter_misc":{"Verfasst von":"Baptiste Lebouteiller","Gesch\u00e4tzte Lesezeit":"1\u00a0Minute"},"schema":{"@context":"https:\/\/schema.org","@graph":[{"@type":"Article","@id":"https:\/\/www.thibaut.fr\/de\/nehmen-sie-an-den-thibaut-ziel-tagen-vom-4-bis-8-november-in-vire-teil-2\/#article","isPartOf":{"@id":"https:\/\/www.thibaut.fr\/de\/nehmen-sie-an-den-thibaut-ziel-tagen-vom-4-bis-8-november-in-vire-teil-2\/"},"author":{"name":"Baptiste Lebouteiller","@id":"https:\/\/www.thibaut.fr\/de\/#\/schema\/person\/22eccdb35a451952e1179ce7830490b0"},"headline":"Nehmen Sie an den Thibaut-Ziel-Tagen vom 4. bis 8. November in Vire teil!","datePublished":"2024-10-20T22:00:00+00:00","dateModified":"2026-01-27T18:20:11+00:00","mainEntityOfPage":{"@id":"https:\/\/www.thibaut.fr\/de\/nehmen-sie-an-den-thibaut-ziel-tagen-vom-4-bis-8-november-in-vire-teil-2\/"},"wordCount":201,"publisher":{"@id":"https:\/\/www.thibaut.fr\/de\/#organization"},"image":{"@id":"https:\/\/www.thibaut.fr\/de\/nehmen-sie-an-den-thibaut-ziel-tagen-vom-4-bis-8-november-in-vire-teil-2\/#primaryimage"},"thumbnailUrl":"https:\/\/www.thibaut.fr\/wp-content\/uploads\/2024\/10\/Allemand.png","articleSection":["Non cat\u00e9goris\u00e9"],"inLanguage":"de"},{"@type":"WebPage","@id":"https:\/\/www.thibaut.fr\/de\/nehmen-sie-an-den-thibaut-ziel-tagen-vom-4-bis-8-november-in-vire-teil-2\/","url":"https:\/\/www.thibaut.fr\/de\/nehmen-sie-an-den-thibaut-ziel-tagen-vom-4-bis-8-november-in-vire-teil-2\/","name":"Nehmen Sie an den Thibaut-Ziel-Tagen vom 4. bis 8. November in Vire teil! | Groupe Thibaut","isPartOf":{"@id":"https:\/\/www.thibaut.fr\/de\/#website"},"primaryImageOfPage":{"@id":"https:\/\/www.thibaut.fr\/de\/nehmen-sie-an-den-thibaut-ziel-tagen-vom-4-bis-8-november-in-vire-teil-2\/#primaryimage"},"image":{"@id":"https:\/\/www.thibaut.fr\/de\/nehmen-sie-an-den-thibaut-ziel-tagen-vom-4-bis-8-november-in-vire-teil-2\/#primaryimage"},"thumbnailUrl":"https:\/\/www.thibaut.fr\/wp-content\/uploads\/2024\/10\/Allemand.png","datePublished":"2024-10-20T22:00:00+00:00","dateModified":"2026-01-27T18:20:11+00:00","description":"Wir freuen uns, unsere Ziel-Tage anzuk\u00fcndigen, eine besondere Veranstaltung, die vom 4. bis 8. November 2024 in unserem Hauptsitz in Vire stattfindet.","breadcrumb":{"@id":"https:\/\/www.thibaut.fr\/de\/nehmen-sie-an-den-thibaut-ziel-tagen-vom-4-bis-8-november-in-vire-teil-2\/#breadcrumb"},"inLanguage":"de","potentialAction":[{"@type":"ReadAction","target":["https:\/\/www.thibaut.fr\/de\/nehmen-sie-an-den-thibaut-ziel-tagen-vom-4-bis-8-november-in-vire-teil-2\/"]}]},{"@type":"ImageObject","inLanguage":"de","@id":"https:\/\/www.thibaut.fr\/de\/nehmen-sie-an-den-thibaut-ziel-tagen-vom-4-bis-8-november-in-vire-teil-2\/#primaryimage","url":"https:\/\/www.thibaut.fr\/wp-content\/uploads\/2024\/10\/Allemand.png","contentUrl":"https:\/\/www.thibaut.fr\/wp-content\/uploads\/2024\/10\/Allemand.png","width":600,"height":215},{"@type":"BreadcrumbList","@id":"https:\/\/www.thibaut.fr\/de\/nehmen-sie-an-den-thibaut-ziel-tagen-vom-4-bis-8-november-in-vire-teil-2\/#breadcrumb","itemListElement":[{"@type":"ListItem","position":1,"name":"Accueil","item":"https:\/\/www.thibaut.fr\/de\/"},{"@type":"ListItem","position":2,"name":"Nicht kategorisiert","item":"https:\/\/www.thibaut.fr\/de\/category\/nicht-kategorisiert\/"},{"@type":"ListItem","position":3,"name":"Nehmen Sie an den Thibaut-Ziel-Tagen vom 4. bis 8. November in Vire teil!"}]},{"@type":"WebSite","@id":"https:\/\/www.thibaut.fr\/de\/#website","url":"https:\/\/www.thibaut.fr\/de\/","name":"Groupe Thibaut","description":"L&#039;excellence au service de la pierre depuis 1959","publisher":{"@id":"https:\/\/www.thibaut.fr\/de\/#organization"},"alternateName":"Thibaut","potentialAction":[{"@type":"SearchAction","target":{"@type":"EntryPoint","urlTemplate":"https:\/\/www.thibaut.fr\/de\/?s={search_term_string}"},"query-input":{"@type":"PropertyValueSpecification","valueRequired":true,"valueName":"search_term_string"}}],"inLanguage":"de"},{"@type":"Organization","@id":"https:\/\/www.thibaut.fr\/de\/#organization","name":"Groupe Thibaut","alternateName":"Thibaut","url":"https:\/\/www.thibaut.fr\/de\/","logo":{"@type":"ImageObject","inLanguage":"de","@id":"https:\/\/www.thibaut.fr\/de\/#\/schema\/logo\/image\/","url":"https:\/\/www.thibaut.fr\/wp-content\/uploads\/2025\/12\/Logo-THIBAUT-CMJN.jpg","contentUrl":"https:\/\/www.thibaut.fr\/wp-content\/uploads\/2025\/12\/Logo-THIBAUT-CMJN.jpg","width":1181,"height":286,"caption":"Groupe Thibaut"},"image":{"@id":"https:\/\/www.thibaut.fr\/de\/#\/schema\/logo\/image\/"},"sameAs":["https:\/\/www.facebook.com\/thibautgroupe","https:\/\/www.instagram.com\/thibautgroupe\/","https:\/\/www.youtube.com\/channel\/UC4yln9Xigw8FvApMJU5c_HA","https:\/\/www.linkedin.com\/company\/thibaut-sa\/"],"description":"Manufacturing company","email":"marketing@thibaut.fr","telephone":"+33(0)2 31 66 68 00","legalName":"Thibaut","foundingDate":"1959-01-01","vatID":"FR00377782792","taxID":"37778279200016","numberOfEmployees":{"@type":"QuantitativeValue","minValue":"51","maxValue":"200"}},{"@type":"Person","@id":"https:\/\/www.thibaut.fr\/de\/#\/schema\/person\/22eccdb35a451952e1179ce7830490b0","name":"Baptiste Lebouteiller","image":{"@type":"ImageObject","inLanguage":"de","@id":"https:\/\/secure.gravatar.com\/avatar\/2380c3a844665d56c0ce1c298750b9ea4ca24e7e86165614b1e0640de9e4bd6e?s=96&d=mm&r=g","url":"https:\/\/secure.gravatar.com\/avatar\/2380c3a844665d56c0ce1c298750b9ea4ca24e7e86165614b1e0640de9e4bd6e?s=96&d=mm&r=g","contentUrl":"https:\/\/secure.gravatar.com\/avatar\/2380c3a844665d56c0ce1c298750b9ea4ca24e7e86165614b1e0640de9e4bd6e?s=96&d=mm&r=g","caption":"Baptiste Lebouteiller"},"sameAs":["http:\/\/thibaut.fr"]}]}},"_links":{"self":[{"href":"https:\/\/www.thibaut.fr\/de\/wp-json\/wp\/v2\/posts\/11138","targetHints":{"allow":["GET"]}}],"collection":[{"href":"https:\/\/www.thibaut.fr\/de\/wp-json\/wp\/v2\/posts"}],"about":[{"href":"https:\/\/www.thibaut.fr\/de\/wp-json\/wp\/v2\/types\/post"}],"author":[{"embeddable":true,"href":"https:\/\/www.thibaut.fr\/de\/wp-json\/wp\/v2\/users\/2"}],"replies":[{"embeddable":true,"href":"https:\/\/www.thibaut.fr\/de\/wp-json\/wp\/v2\/comments?post=11138"}],"version-history":[{"count":0,"href":"https:\/\/www.thibaut.fr\/de\/wp-json\/wp\/v2\/posts\/11138\/revisions"}],"wp:featuredmedia":[{"embeddable":true,"href":"https:\/\/www.thibaut.fr\/de\/wp-json\/wp\/v2\/media\/10164"}],"wp:attachment":[{"href":"https:\/\/www.thibaut.fr\/de\/wp-json\/wp\/v2\/media?parent=11138"}],"wp:term":[{"taxonomy":"category","embeddable":true,"href":"https:\/\/www.thibaut.fr\/de\/wp-json\/wp\/v2\/categories?post=11138"},{"taxonomy":"post_tag","embeddable":true,"href":"https:\/\/www.thibaut.fr\/de\/wp-json\/wp\/v2\/tags?post=11138"}],"curies":[{"name":"wp","href":"https:\/\/api.w.org\/{rel}","templated":true}]}}